{"id":565,"date":"2018-05-07T06:26:30","date_gmt":"2018-05-07T04:26:30","guid":{"rendered":"https:\/\/wi.pb.edu.pl\/bialjam\/?p=565"},"modified":"2025-04-14T13:27:14","modified_gmt":"2025-04-14T11:27:14","slug":"ujawniamy-tegorocznych-prelegentow-nowy","status":"publish","type":"post","link":"https:\/\/wi.pb.edu.pl\/bialjam\/2018\/05\/07\/ujawniamy-tegorocznych-prelegentow-nowy\/","title":{"rendered":"Ujawniamy tegorocznych prelegent\u00f3w! &#8211; NOWY"},"content":{"rendered":"<p>Hej \ud83d\ude09<\/p>\n<p>Do rozpocz\u0119cia tegorocznej edycji BialJamu pozosta\u0142 dok\u0142adnie miesi\u0105c i jeden dzie\u0144, a wi\u0119c najwy\u017cszy czas ujawni\u0107 nazwiska naszych prelegent\u00f3w, kt\u00f3rzy podziel\u0105 si\u0119 z nami swoj\u0105 wiedz\u0105 i do\u015bwiadczeniem w tworzeniu gier i nie tylko&#8230;<\/p>\n<p>Poznajcie ich ju\u017c teraz!<\/p>\n<p><img loading=\"lazy\" decoding=\"async\" class=\"alignleft size-full wp-image-563\" src=\"http:\/\/212.33.90.85\/bialjam\/wp-content\/uploads\/2018\/05\/lukasz.jpg\" alt=\"\" width=\"200\" height=\"200\" \/><\/p>\n<p><strong>\u0141UKASZ GADOMER <\/strong><\/p>\n<p>Jak sam o sobie m\u00f3wi, urodzi\u0142 si\u0119 w czasie, gdy na polski rynek zacz\u0119\u0142y trafia\u0107 pierwsze komputery domowe. W\u00a0jego\u00a0domu pojawi\u0142 si\u0119 Atari 130XE, na kt\u00f3rym rozpocz\u0105\u0142 przygod\u0119 z grami oraz czym\u015b, co szumnie mo\u017cna nazwa\u0107 programowaniem &#8211; cho\u0107 wtedy sprowadza\u0142o si\u0119 to do przepisywania kawa\u0142k\u00f3w kodu w j\u0119zyku Basic z magazyn\u00f3w typu Top Secret. Bardzo proste gry na to urz\u0105dzenie, \u0142adowane za pomoc\u0105 czytnika kaset magnetofonowych, by\u0142y do\u015bwiadczeniem wyj\u0105tkowym, nowym i \u015bwie\u017cym. Przez epok\u0119 Famicon\u00f3w, a nast\u0119pnie komputer\u00f3w PC coraz bardziej\u00a0poznawa\u0142 jasne i ciemne strony \u015bwiata gier, aby wreszcie uko\u0144czy\u0107 Ekonomi\u0119 na UwB oraz Informatyk\u0119 na PB, z obu kierunk\u00f3w zdobywaj\u0105c tytu\u0142 magistra z wyr\u00f3\u017cnieniem. Aktualnie zbli\u017ca si\u0119 do momentu pisania doktoratu, pracuj\u0105c jednocze\u015bnie na uczelni oraz jako programista.<\/p>\n<p>Ju\u017c 8 czerwca \u0141ukasz opowie nam o tworzeniu fabu\u0142y w grach komputerowych.<\/p>\n<\/p>\n<p><strong>MICHA\u0141 JADCZUK<\/strong><\/p>\n<p>Absolwent Informatyki na PB, a tak\u017ce weteran BialJamu. Jako zdobywca III miejsca w 2015 roku (w dru\u017cynie\u00a0<strong>M&amp;M <\/strong>za gr\u0119<strong> #YOLT)\u00a0<\/strong>oraz I miejsca w 2017 (dru\u017cyna<strong>\u00a03MK<\/strong> za gr\u0119\u00a0<strong>10 second Horde<\/strong>), a tak\u017ce organizator edycji 2016 \u015bmia\u0142o mo\u017ce powiedzie\u0107, \u017ce o naszym konkursie wie wszystko.<br \/>Gamedev to jego hobby, a niegdy\u015b r\u00f3wnie\u017c g\u0142\u00f3wny spos\u00f3b nauki programowania. Obecnie zatrudniony w OpenTopic jako junior data scientist i aktywnie zg\u0142\u0119biaj\u0105cy temat sztucznej inteligencji.<\/p>\n<p>Ju\u017c 8 czerwca Micha\u0142 opowie nam o zastosowaniu uczenia maszynowego do zaprogramowania AI w grach komputerowych.<\/p>\n<\/p>\n<p><strong>MACIEJ\u00a0 KUCHARCZYK I JAN ROMANOWSKI<\/strong><\/p>\n<\/p>\n<p><strong><img loading=\"lazy\" decoding=\"async\" class=\"alignleft wp-image-574 \" src=\"http:\/\/212.33.90.85\/bialjam\/wp-content\/uploads\/2018\/05\/maciej-150x150.png\" alt=\"\" width=\"186\" height=\"186\" \/><\/strong><\/p>\n<p><strong>Maciej<\/strong> to absolwent Politechniki Bia\u0142ostockiej, pasjonat system\u00f3w wbudowanych, elektroniki oraz technologii VR. Wolne chwile po\u015bwi\u0119ca wirtualnej rozrywce zasiadaj\u0105c do tworzenia bunkr\u00f3w w Minecrafcie. Aktualnie pracuje w Transition Technologies PSC w dziale IoT i zajmuje si\u0119 tworzeniem oprogramowania w oparciu o narz\u0119dzia firmy PTC.<\/p>\n<\/p>\n<\/p>\n<p><img loading=\"lazy\" decoding=\"async\" class=\"alignleft wp-image-573 \" src=\"http:\/\/212.33.90.85\/bialjam\/wp-content\/uploads\/2018\/05\/jan-250x300.jpg\" alt=\"\" width=\"193\" height=\"232\" \/><\/p>\n<p><strong>Jan<\/strong> &#8211; r\u00f3wnie\u017c absolwent Wydzia\u0142u Informatyki, gdzie zacz\u0105\u0142 swoj\u0105 przygod\u0119 z programowaniem. Programista Android, AR, IoT. Zajmuje si\u0119 rozwojem ca\u0142ych aplikacji, zar\u00f3wno od strony UX, jak i Back-endu. Zainteresowany grami planszowymi, taktycznymi, karcianymi, jak i tymi bardziej imprezowymi.<\/p>\n<\/p>\n<p>Tematem ich wsp\u00f3lnej prelekcji b\u0119d\u0105 technologie IoT u\u0142atwiaj\u0105ce rozwi\u0105zywanie problem\u00f3w przemys\u0142owych, takich jak konserwacje sprz\u0119tu. Om\u00f3wi\u0105 ide\u0119 rozszerzonej rzeczywisto\u015bci oraz przedstawi\u0105 technologie PTC umo\u017cliwiaj\u0105ce tworzenie aplikacji na takie platformy. W dw\u00f3ch s\u0142owach? Maciej i Jan poka\u017c\u0105 nam przyk\u0142ad fizycznego urz\u0105dzenia IoT wraz z integracj\u0105 z AR, a dok\u0142adniej &#8211; wsp\u00f3lnie z nimi stworzymy <strong>wirtualnego asystenta rozbrajania bomby!<\/strong><\/p><\/p>\n","protected":false},"excerpt":{"rendered":"<p>Hej \ud83d\ude09 Do rozpocz\u0119cia tegorocznej edycji BialJamu pozosta\u0142 dok\u0142adnie miesi\u0105c i jeden dzie\u0144, a wi\u0119c<a class=\"read-more\" href=\"https:\/\/wi.pb.edu.pl\/bialjam\/2018\/05\/07\/ujawniamy-tegorocznych-prelegentow-nowy\/\" title=\"Poka\u017c artyku\u0142 Ujawniamy tegorocznych prelegent\u00f3w! &#8211; NOWY\">wi\u0119cej<\/a><\/p>\n","protected":false},"author":12,"featured_media":0,"comment_status":"open","ping_status":"open","sticky":false,"template":"","format":"standard","meta":{"inline_featured_image":false,"ngg_post_thumbnail":0,"footnotes":""},"categories":[7],"tags":[],"class_list":["post-565","post","type-post","status-publish","format-standard","hentry","category-7"],"acf":[],"yoast_head":"<!-- This site is optimized with the Yoast SEO plugin v26.4 - https:\/\/yoast.com\/wordpress\/plugins\/seo\/ -->\n<title>Ujawniamy tegorocznych prelegent\u00f3w! - NOWY - BialJam<\/title>\n<meta name=\"robots\" content=\"index, follow, max-snippet:-1, max-image-preview:large, max-video-preview:-1\" \/>\n<link rel=\"canonical\" href=\"https:\/\/wi.pb.edu.pl\/bialjam\/2018\/05\/07\/ujawniamy-tegorocznych-prelegentow-nowy\/\" \/>\n<meta property=\"og:locale\" content=\"pl_PL\" \/>\n<meta property=\"og:type\" content=\"article\" \/>\n<meta property=\"og:title\" content=\"Ujawniamy tegorocznych prelegent\u00f3w! - NOWY - BialJam\" \/>\n<meta property=\"og:description\" content=\"Hej \ud83d\ude09 Do rozpocz\u0119cia tegorocznej edycji BialJamu pozosta\u0142 dok\u0142adnie miesi\u0105c i jeden dzie\u0144, a wi\u0119cwi\u0119cej\" \/>\n<meta property=\"og:url\" content=\"https:\/\/wi.pb.edu.pl\/bialjam\/2018\/05\/07\/ujawniamy-tegorocznych-prelegentow-nowy\/\" \/>\n<meta property=\"og:site_name\" content=\"BialJam\" \/>\n<meta property=\"article:published_time\" content=\"2018-05-07T04:26:30+00:00\" \/>\n<meta property=\"article:modified_time\" content=\"2025-04-14T11:27:14+00:00\" \/>\n<meta property=\"og:image\" content=\"http:\/\/212.33.90.85\/bialjam\/wp-content\/uploads\/2018\/05\/lukasz.jpg\" \/>\n<meta name=\"author\" content=\"imrozek\" \/>\n<meta name=\"twitter:card\" content=\"summary_large_image\" \/>\n<meta name=\"twitter:label1\" content=\"Napisane przez\" \/>\n\t<meta name=\"twitter:data1\" content=\"imrozek\" \/>\n<script type=\"application\/ld+json\" class=\"yoast-schema-graph\">{\"@context\":\"https:\/\/schema.org\",\"@graph\":[{\"@type\":\"WebPage\",\"@id\":\"https:\/\/wi.pb.edu.pl\/bialjam\/2018\/05\/07\/ujawniamy-tegorocznych-prelegentow-nowy\/\",\"url\":\"https:\/\/wi.pb.edu.pl\/bialjam\/2018\/05\/07\/ujawniamy-tegorocznych-prelegentow-nowy\/\",\"name\":\"Ujawniamy tegorocznych prelegent\u00f3w! - NOWY - BialJam\",\"isPartOf\":{\"@id\":\"https:\/\/wi.pb.edu.pl\/bialjam\/#website\"},\"primaryImageOfPage\":{\"@id\":\"https:\/\/wi.pb.edu.pl\/bialjam\/2018\/05\/07\/ujawniamy-tegorocznych-prelegentow-nowy\/#primaryimage\"},\"image\":{\"@id\":\"https:\/\/wi.pb.edu.pl\/bialjam\/2018\/05\/07\/ujawniamy-tegorocznych-prelegentow-nowy\/#primaryimage\"},\"thumbnailUrl\":\"http:\/\/212.33.90.85\/bialjam\/wp-content\/uploads\/2018\/05\/lukasz.jpg\",\"datePublished\":\"2018-05-07T04:26:30+00:00\",\"dateModified\":\"2025-04-14T11:27:14+00:00\",\"author\":{\"@id\":\"https:\/\/wi.pb.edu.pl\/bialjam\/#\/schema\/person\/1098052241689bdf44c9fa0700f92690\"},\"breadcrumb\":{\"@id\":\"https:\/\/wi.pb.edu.pl\/bialjam\/2018\/05\/07\/ujawniamy-tegorocznych-prelegentow-nowy\/#breadcrumb\"},\"inLanguage\":\"pl-PL\",\"potentialAction\":[{\"@type\":\"ReadAction\",\"target\":[\"https:\/\/wi.pb.edu.pl\/bialjam\/2018\/05\/07\/ujawniamy-tegorocznych-prelegentow-nowy\/\"]}]},{\"@type\":\"ImageObject\",\"inLanguage\":\"pl-PL\",\"@id\":\"https:\/\/wi.pb.edu.pl\/bialjam\/2018\/05\/07\/ujawniamy-tegorocznych-prelegentow-nowy\/#primaryimage\",\"url\":\"http:\/\/212.33.90.85\/bialjam\/wp-content\/uploads\/2018\/05\/lukasz.jpg\",\"contentUrl\":\"http:\/\/212.33.90.85\/bialjam\/wp-content\/uploads\/2018\/05\/lukasz.jpg\"},{\"@type\":\"BreadcrumbList\",\"@id\":\"https:\/\/wi.pb.edu.pl\/bialjam\/2018\/05\/07\/ujawniamy-tegorocznych-prelegentow-nowy\/#breadcrumb\",\"itemListElement\":[{\"@type\":\"ListItem\",\"position\":1,\"name\":\"Strona g\u0142\u00f3wna\",\"item\":\"https:\/\/wi.pb.edu.pl\/bialjam\/\"},{\"@type\":\"ListItem\",\"position\":2,\"name\":\"Ujawniamy tegorocznych prelegent\u00f3w! &#8211; NOWY\"}]},{\"@type\":\"WebSite\",\"@id\":\"https:\/\/wi.pb.edu.pl\/bialjam\/#website\",\"url\":\"https:\/\/wi.pb.edu.pl\/bialjam\/\",\"name\":\"BialJam\",\"description\":\"Bia\u0142ostocki Konkurs Tworzenia Gier \",\"potentialAction\":[{\"@type\":\"SearchAction\",\"target\":{\"@type\":\"EntryPoint\",\"urlTemplate\":\"https:\/\/wi.pb.edu.pl\/bialjam\/?s={search_term_string}\"},\"query-input\":{\"@type\":\"PropertyValueSpecification\",\"valueRequired\":true,\"valueName\":\"search_term_string\"}}],\"inLanguage\":\"pl-PL\"},{\"@type\":\"Person\",\"@id\":\"https:\/\/wi.pb.edu.pl\/bialjam\/#\/schema\/person\/1098052241689bdf44c9fa0700f92690\",\"name\":\"imrozek\",\"image\":{\"@type\":\"ImageObject\",\"inLanguage\":\"pl-PL\",\"@id\":\"https:\/\/wi.pb.edu.pl\/bialjam\/#\/schema\/person\/image\/\",\"url\":\"https:\/\/secure.gravatar.com\/avatar\/ae5fc1654204dd582e179f5781c2838a4bdfc8ce3e160a20acf8b3645580e660?s=96&d=mm&r=g\",\"contentUrl\":\"https:\/\/secure.gravatar.com\/avatar\/ae5fc1654204dd582e179f5781c2838a4bdfc8ce3e160a20acf8b3645580e660?s=96&d=mm&r=g\",\"caption\":\"imrozek\"},\"url\":\"https:\/\/wi.pb.edu.pl\/bialjam\/author\/imrozek\/\"}]}<\/script>\n<!-- \/ Yoast SEO plugin. -->","yoast_head_json":{"title":"Ujawniamy tegorocznych prelegent\u00f3w! - NOWY - BialJam","robots":{"index":"index","follow":"follow","max-snippet":"max-snippet:-1","max-image-preview":"max-image-preview:large","max-video-preview":"max-video-preview:-1"},"canonical":"https:\/\/wi.pb.edu.pl\/bialjam\/2018\/05\/07\/ujawniamy-tegorocznych-prelegentow-nowy\/","og_locale":"pl_PL","og_type":"article","og_title":"Ujawniamy tegorocznych prelegent\u00f3w! - NOWY - BialJam","og_description":"Hej \ud83d\ude09 Do rozpocz\u0119cia tegorocznej edycji BialJamu pozosta\u0142 dok\u0142adnie miesi\u0105c i jeden dzie\u0144, a wi\u0119cwi\u0119cej","og_url":"https:\/\/wi.pb.edu.pl\/bialjam\/2018\/05\/07\/ujawniamy-tegorocznych-prelegentow-nowy\/","og_site_name":"BialJam","article_published_time":"2018-05-07T04:26:30+00:00","article_modified_time":"2025-04-14T11:27:14+00:00","og_image":[{"url":"http:\/\/212.33.90.85\/bialjam\/wp-content\/uploads\/2018\/05\/lukasz.jpg","type":"","width":"","height":""}],"author":"imrozek","twitter_card":"summary_large_image","twitter_misc":{"Napisane przez":"imrozek"},"schema":{"@context":"https:\/\/schema.org","@graph":[{"@type":"WebPage","@id":"https:\/\/wi.pb.edu.pl\/bialjam\/2018\/05\/07\/ujawniamy-tegorocznych-prelegentow-nowy\/","url":"https:\/\/wi.pb.edu.pl\/bialjam\/2018\/05\/07\/ujawniamy-tegorocznych-prelegentow-nowy\/","name":"Ujawniamy tegorocznych prelegent\u00f3w! - NOWY - BialJam","isPartOf":{"@id":"https:\/\/wi.pb.edu.pl\/bialjam\/#website"},"primaryImageOfPage":{"@id":"https:\/\/wi.pb.edu.pl\/bialjam\/2018\/05\/07\/ujawniamy-tegorocznych-prelegentow-nowy\/#primaryimage"},"image":{"@id":"https:\/\/wi.pb.edu.pl\/bialjam\/2018\/05\/07\/ujawniamy-tegorocznych-prelegentow-nowy\/#primaryimage"},"thumbnailUrl":"http:\/\/212.33.90.85\/bialjam\/wp-content\/uploads\/2018\/05\/lukasz.jpg","datePublished":"2018-05-07T04:26:30+00:00","dateModified":"2025-04-14T11:27:14+00:00","author":{"@id":"https:\/\/wi.pb.edu.pl\/bialjam\/#\/schema\/person\/1098052241689bdf44c9fa0700f92690"},"breadcrumb":{"@id":"https:\/\/wi.pb.edu.pl\/bialjam\/2018\/05\/07\/ujawniamy-tegorocznych-prelegentow-nowy\/#breadcrumb"},"inLanguage":"pl-PL","potentialAction":[{"@type":"ReadAction","target":["https:\/\/wi.pb.edu.pl\/bialjam\/2018\/05\/07\/ujawniamy-tegorocznych-prelegentow-nowy\/"]}]},{"@type":"ImageObject","inLanguage":"pl-PL","@id":"https:\/\/wi.pb.edu.pl\/bialjam\/2018\/05\/07\/ujawniamy-tegorocznych-prelegentow-nowy\/#primaryimage","url":"http:\/\/212.33.90.85\/bialjam\/wp-content\/uploads\/2018\/05\/lukasz.jpg","contentUrl":"http:\/\/212.33.90.85\/bialjam\/wp-content\/uploads\/2018\/05\/lukasz.jpg"},{"@type":"BreadcrumbList","@id":"https:\/\/wi.pb.edu.pl\/bialjam\/2018\/05\/07\/ujawniamy-tegorocznych-prelegentow-nowy\/#breadcrumb","itemListElement":[{"@type":"ListItem","position":1,"name":"Strona g\u0142\u00f3wna","item":"https:\/\/wi.pb.edu.pl\/bialjam\/"},{"@type":"ListItem","position":2,"name":"Ujawniamy tegorocznych prelegent\u00f3w! &#8211; NOWY"}]},{"@type":"WebSite","@id":"https:\/\/wi.pb.edu.pl\/bialjam\/#website","url":"https:\/\/wi.pb.edu.pl\/bialjam\/","name":"BialJam","description":"Bia\u0142ostocki Konkurs Tworzenia Gier ","potentialAction":[{"@type":"SearchAction","target":{"@type":"EntryPoint","urlTemplate":"https:\/\/wi.pb.edu.pl\/bialjam\/?s={search_term_string}"},"query-input":{"@type":"PropertyValueSpecification","valueRequired":true,"valueName":"search_term_string"}}],"inLanguage":"pl-PL"},{"@type":"Person","@id":"https:\/\/wi.pb.edu.pl\/bialjam\/#\/schema\/person\/1098052241689bdf44c9fa0700f92690","name":"imrozek","image":{"@type":"ImageObject","inLanguage":"pl-PL","@id":"https:\/\/wi.pb.edu.pl\/bialjam\/#\/schema\/person\/image\/","url":"https:\/\/secure.gravatar.com\/avatar\/ae5fc1654204dd582e179f5781c2838a4bdfc8ce3e160a20acf8b3645580e660?s=96&d=mm&r=g","contentUrl":"https:\/\/secure.gravatar.com\/avatar\/ae5fc1654204dd582e179f5781c2838a4bdfc8ce3e160a20acf8b3645580e660?s=96&d=mm&r=g","caption":"imrozek"},"url":"https:\/\/wi.pb.edu.pl\/bialjam\/author\/imrozek\/"}]}},"_links":{"self":[{"href":"https:\/\/wi.pb.edu.pl\/bialjam\/wp-json\/wp\/v2\/posts\/565","targetHints":{"allow":["GET"]}}],"collection":[{"href":"https:\/\/wi.pb.edu.pl\/bialjam\/wp-json\/wp\/v2\/posts"}],"about":[{"href":"https:\/\/wi.pb.edu.pl\/bialjam\/wp-json\/wp\/v2\/types\/post"}],"author":[{"embeddable":true,"href":"https:\/\/wi.pb.edu.pl\/bialjam\/wp-json\/wp\/v2\/users\/12"}],"replies":[{"embeddable":true,"href":"https:\/\/wi.pb.edu.pl\/bialjam\/wp-json\/wp\/v2\/comments?post=565"}],"version-history":[{"count":1,"href":"https:\/\/wi.pb.edu.pl\/bialjam\/wp-json\/wp\/v2\/posts\/565\/revisions"}],"predecessor-version":[{"id":566,"href":"https:\/\/wi.pb.edu.pl\/bialjam\/wp-json\/wp\/v2\/posts\/565\/revisions\/566"}],"wp:attachment":[{"href":"https:\/\/wi.pb.edu.pl\/bialjam\/wp-json\/wp\/v2\/media?parent=565"}],"wp:term":[{"taxonomy":"category","embeddable":true,"href":"https:\/\/wi.pb.edu.pl\/bialjam\/wp-json\/wp\/v2\/categories?post=565"},{"taxonomy":"post_tag","embeddable":true,"href":"https:\/\/wi.pb.edu.pl\/bialjam\/wp-json\/wp\/v2\/tags?post=565"}],"curies":[{"name":"wp","href":"https:\/\/api.w.org\/{rel}","templated":true}]}}